{"id":11749,"date":"2020-07-23T16:59:12","date_gmt":"2020-07-23T14:59:12","guid":{"rendered":"https:\/\/www.myecole.it\/ooc\/?p=11749"},"modified":"2020-07-23T17:13:22","modified_gmt":"2020-07-23T15:13:22","slug":"myskills40","status":"publish","type":"post","link":"https:\/\/www.myecole.it\/ooc\/myskills40\/","title":{"rendered":"Approvato il nuovo Progetto Europeo ERASMUS+ MY SKILLS 4.0"},"content":{"rendered":"\t\t<div data-elementor-type=\"wp-post\" data-elementor-id=\"11749\" class=\"elementor elementor-11749\" data-elementor-settings=\"[]\">\n\t\t\t\t\t\t<div class=\"elementor-inner\">\n\t\t\t\t\t\t\t<div class=\"elementor-section-wrap\">\n\t\t\t\t\t\t\t<section class=\"elementor-section elementor-top-section elementor-element elementor-element-7f84655f elementor-section-content-middle elementor-section-boxed elementor-section-height-default elementor-section-height-default\" data-id=\"7f84655f\" data-element_type=\"section\">\n\t\t\t\t\t\t<div class=\"elementor-container elementor-column-gap-no\">\n\t\t\t\t\t\t\t<div class=\"elementor-row\">\n\t\t\t\t\t<div class=\"elementor-column elementor-col-50 elementor-top-column elementor-element elementor-element-147e01b3\" data-id=\"147e01b3\" data-element_type=\"column\">\n\t\t\t<div class=\"elementor-column-wrap elementor-element-populated\">\n\t\t\t\t\t\t\t<div class=\"elementor-widget-wrap\">\n\t\t\t\t\t\t<div class=\"elementor-element elementor-element-71d7c2d6 elementor-widget elementor-widget-divider\" data-id=\"71d7c2d6\" data-element_type=\"widget\" data-widget_type=\"divider.default\">\n\t\t\t\t<div class=\"elementor-widget-container\">\n\t\t\t\t\t<div class=\"elementor-divider\">\n\t\t\t<span class=\"elementor-divider-separator\">\n\t\t\t\t\t\t<\/span>\n\t\t<\/div>\n\t\t\t\t<\/div>\n\t\t\t\t<\/div>\n\t\t\t\t<div class=\"elementor-element elementor-element-219bfb7b elementor-widget elementor-widget-heading\" data-id=\"219bfb7b\" data-element_type=\"widget\" data-widget_type=\"heading.default\">\n\t\t\t\t<div class=\"elementor-widget-container\">\n\t\t\t<h4 class=\"elementor-heading-title elementor-size-default\">my skills 4.0 <\/h4>\t\t<\/div>\n\t\t\t\t<\/div>\n\t\t\t\t<div class=\"elementor-element elementor-element-e0af6c5 elementor-widget elementor-widget-text-editor\" data-id=\"e0af6c5\" data-element_type=\"widget\" data-widget_type=\"text-editor.default\">\n\t\t\t\t<div class=\"elementor-widget-container\">\n\t\t\t\t\t<div class=\"elementor-text-editor elementor-clearfix\"><p><em>acronimo di &#8220;<strong>MobilitY for the new SKILLS 4.0 in the Lombard VET system<\/strong>&#8221; \u00e8 un progetto europeo finanziato dal programma <strong>Erasmus+, Key Action KA102<\/strong>.<\/em><\/p><\/div>\n\t\t\t\t<\/div>\n\t\t\t\t<\/div>\n\t\t\t\t<div class=\"elementor-element elementor-element-b3cf1e2 elementor-widget elementor-widget-text-editor\" data-id=\"b3cf1e2\" data-element_type=\"widget\" data-widget_type=\"text-editor.default\">\n\t\t\t\t<div class=\"elementor-widget-container\">\n\t\t\t\t\t<div class=\"elementor-text-editor elementor-clearfix\"><p>Durata totale: 14 mesi\u00a0<\/p>\n<p>Data di inizio: 1 novembre 2020<\/p><\/div>\n\t\t\t\t<\/div>\n\t\t\t\t<\/div>\n\t\t\t\t<div class=\"elementor-element elementor-element-60c1eaf elementor-widget elementor-widget-text-editor\" data-id=\"60c1eaf\" data-element_type=\"widget\" data-widget_type=\"text-editor.default\">\n\t\t\t\t<div class=\"elementor-widget-container\">\n\t\t\t\t\t<div class=\"elementor-text-editor elementor-clearfix\"><\/div>\n\t\t\t\t<\/div>\n\t\t\t\t<\/div>\n\t\t\t\t\t\t<\/div>\n\t\t\t\t\t<\/div>\n\t\t<\/div>\n\t\t\t\t<div class=\"elementor-column elementor-col-50 elementor-top-column elementor-element elementor-element-10efe801\" data-id=\"10efe801\" data-element_type=\"column\">\n\t\t\t<div class=\"elementor-column-wrap elementor-element-populated\">\n\t\t\t\t\t\t\t<div class=\"elementor-widget-wrap\">\n\t\t\t\t\t\t<div class=\"elementor-element elementor-element-1195efb elementor-widget elementor-widget-text-editor\" data-id=\"1195efb\" data-element_type=\"widget\" data-widget_type=\"text-editor.default\">\n\t\t\t\t<div class=\"elementor-widget-container\">\n\t\t\t\t\t<div class=\"elementor-text-editor elementor-clearfix\"><p>La progressiva introduzione dei principi ispirati al paradigma dell&#8217;Industry 4.0 e l&#8217;incremento delle aziende meccaniche operanti in Europa necessitano di un&#8217;innovazione dei percorsi formativi &#8211; gi\u00e0 esitenti &#8211; all&#8217;interno di IFP del settore meccanico.\u00a0Questi rinnovamenti possono avvenire solo attraverso un processo di aggiornamento e revisione delle competenze del personale circa le cosiddette &#8220;Skill 4.0.&#8221;<\/p>\n<p>Il Progetto Europeo My Skills 4.0 nasce in questo contesto con lo scopo di <strong>sostenere il sistema VET lombardo ad indirizzo meccanico nell&#8217;aggiornamento delle proprie offerte formative in ottica 4.0<\/strong><\/p>\n<p><!-- wp:tadv\/classic-paragraph \/--><\/p><\/div>\n\t\t\t\t<\/div>\n\t\t\t\t<\/div>\n\t\t\t\t\t\t<\/div>\n\t\t\t\t\t<\/div>\n\t\t<\/div>\n\t\t\t\t\t\t\t\t<\/div>\n\t\t\t\t\t<\/div>\n\t\t<\/section>\n\t\t\t\t<section class=\"elementor-section elementor-top-section elementor-element elementor-element-dd35c67 elementor-section-boxed elementor-section-height-default elementor-section-height-default\" data-id=\"dd35c67\" data-element_type=\"section\">\n\t\t\t\t\t\t<div class=\"elementor-container elementor-column-gap-default\">\n\t\t\t\t\t\t\t<div class=\"elementor-row\">\n\t\t\t\t\t<div class=\"elementor-column elementor-col-100 elementor-top-column elementor-element elementor-element-3526011a\" data-id=\"3526011a\" data-element_type=\"column\">\n\t\t\t<div class=\"elementor-column-wrap elementor-element-populated\">\n\t\t\t\t\t\t\t<div class=\"elementor-widget-wrap\">\n\t\t\t\t\t\t<div class=\"elementor-element elementor-element-25888cf elementor-widget elementor-widget-text-editor\" data-id=\"25888cf\" data-element_type=\"widget\" data-widget_type=\"text-editor.default\">\n\t\t\t\t<div class=\"elementor-widget-container\">\n\t\t\t\t\t<div class=\"elementor-text-editor elementor-clearfix\"><p class=\"gmail_default\"><strong>ECOLE <\/strong>ricoprir\u00e0 il ruolo di<strong> capofila<\/strong> <strong>del Consorzio italiano di enti VET ed ITS della Lombardia\u00a0<\/strong>\u00a0per organizzare una breve<strong> esperienza di<\/strong> <strong>mobilit\u00e0 <\/strong>nei<strong> Paesi Baschi<\/strong><a href=\"http:\/\/www.txorierri.net\/\">,<\/a> <strong>rivolta a 25 docenti\/formatori\/operatori\/<wbr \/>esperti di settore,<\/strong> affinch\u00e8 possano accrescere le loro conoscenze in materia di <strong>Industry 4.0<\/strong>, ed in particolare in termini di <strong>nuove skills<\/strong> <strong>richieste dalle imprese meccaniche.<\/strong>\u00a0<\/p>\n<p>I formatori che parteciperanno, beneficiari diretti dell&#8217;iniziativa, otterranno il <strong>riconoscimento e la formalizzazione di quanto appreso durante la mobilit\u00e0 all&#8217;estero attraverso l&#8217;<a href=\"https:\/\/europa.eu\/europass\/en\/europass-mobility-0\" target=\"_blank\" rel=\"noopener\">Europass Mobility Document<\/a>.<\/strong><\/p>\n<p class=\"gmail_default\">Inoltre, gli stessi enti di IFP potranno avviare percorsi di ammodernamento delle proprie offerte formative a seguito dell&#8217;aggiornamento formativo beneficiato dai loro docenti che hanno partecipato alla mobilit\u00e0. I docenti saranno cos\u00ec in grado di trasmettere agli studenti iscritti ai loro percorsi formativi le nuove competenze 4.0, dle abilit\u00e0 e le conoscenze relative a <strong>profili professionali richiesti dal mercato<\/strong> ed adeguati alle sue continue <strong>evoluzioni<\/strong>.\u00a0<\/p>\n<p class=\"gmail_default\">Al fine di ampliare le ricadute sul sistema dell&#8217;IFP lombardo a beneficio del sistema produttivo, il Consorzio di progetto dar\u00e0 avvio ad un <strong>Community Forum<\/strong> con l&#8217;obiettivo di promuovere e sostenere l&#8217;allineamento tra domanda e offerta di competenze 4.0 nel settore meccanico.\u00a0<\/p>\n<p>La formazione sar\u00e0 svolta presso presso il partner di progetto spagnolo<strong> <a href=\"http:\/\/www.txorierri.net\/\">POLITEKNIKA TXORIERRI<\/a>.<\/strong><\/p>\n<p>L&#8217;impatto sul tessuto produttivo locale sar\u00e0 generato attraverso la capacit\u00e0 intrinseca del progetto MY SKILLS 4.0 di fare rete e di avviare uno scambio tra il mondo della formazione e il sistema aziendale, grazie al supporto e alle potenzialit\u00e0 di networking di <a href=\"https:\/\/www.assolombarda.it\/\" target=\"_blank\" rel=\"noopener\">Assolombarda<\/a>, <a href=\"https:\/\/www.ucimu.it\/home\/\" target=\"_blank\" rel=\"noopener\">UCIMU<\/a> e <a href=\"https:\/\/www.federmacchine.it\/home\/\" target=\"_blank\" rel=\"noopener\">Federmacchine<\/a> e Fondazione ITS, i quali potranno veicolare il progetto con le poprie associate a livello territoriale lombardo, nazionale e internazionale.\u00a0<\/p><\/div>\n\t\t\t\t<\/div>\n\t\t\t\t<\/div>\n\t\t\t\t<div class=\"elementor-element elementor-element-2689751d elementor-widget elementor-widget-text-editor\" data-id=\"2689751d\" data-element_type=\"widget\" data-widget_type=\"text-editor.default\">\n\t\t\t\t<div class=\"elementor-widget-container\">\n\t\t\t\t\t<div class=\"elementor-text-editor elementor-clearfix\"><\/div>\n\t\t\t\t<\/div>\n\t\t\t\t<\/div>\n\t\t\t\t\t\t<\/div>\n\t\t\t\t\t<\/div>\n\t\t<\/div>\n\t\t\t\t\t\t\t\t<\/div>\n\t\t\t\t\t<\/div>\n\t\t<\/section>\n\t\t\t\t\t\t<\/div>\n\t\t\t\t\t\t<\/div>\n\t\t\t\t\t<\/div>\n\t\t","protected":false},"excerpt":{"rendered":"<p>MY SKILLS 4.0, acronimo di &#8220;MobilitY for the new SKILLS 4.0 in the Lombard VET system&#8221; \u00e8 un progetto europeo finanziato dal programma Erasmus+, Key Action KA102.<\/p>\n","protected":false},"author":1,"featured_media":11762,"comment_status":"closed","ping_status":"closed","sticky":false,"template":"","format":"standard","meta":{"footnotes":""},"categories":[2],"tags":[100,78,94],"_links":{"self":[{"href":"https:\/\/www.myecole.it\/ooc\/wp-json\/wp\/v2\/posts\/11749"}],"collection":[{"href":"https:\/\/www.myecole.it\/ooc\/wp-json\/wp\/v2\/posts"}],"about":[{"href":"https:\/\/www.myecole.it\/ooc\/wp-json\/wp\/v2\/types\/post"}],"author":[{"embeddable":true,"href":"https:\/\/www.myecole.it\/ooc\/wp-json\/wp\/v2\/users\/1"}],"replies":[{"embeddable":true,"href":"https:\/\/www.myecole.it\/ooc\/wp-json\/wp\/v2\/comments?post=11749"}],"version-history":[{"count":0,"href":"https:\/\/www.myecole.it\/ooc\/wp-json\/wp\/v2\/posts\/11749\/revisions"}],"wp:featuredmedia":[{"embeddable":true,"href":"https:\/\/www.myecole.it\/ooc\/wp-json\/wp\/v2\/media\/11762"}],"wp:attachment":[{"href":"https:\/\/www.myecole.it\/ooc\/wp-json\/wp\/v2\/media?parent=11749"}],"wp:term":[{"taxonomy":"category","embeddable":true,"href":"https:\/\/www.myecole.it\/ooc\/wp-json\/wp\/v2\/categories?post=11749"},{"taxonomy":"post_tag","embeddable":true,"href":"https:\/\/www.myecole.it\/ooc\/wp-json\/wp\/v2\/tags?post=11749"}],"curies":[{"name":"wp","href":"https:\/\/api.w.org\/{rel}","templated":true}]}}