{"id":12729,"date":"2020-11-03T09:32:17","date_gmt":"2020-11-03T08:32:17","guid":{"rendered":"https:\/\/www.myecole.it\/ooc\/?p=12729"},"modified":"2020-11-03T09:39:26","modified_gmt":"2020-11-03T08:39:26","slug":"mates-fase-2","status":"publish","type":"post","link":"https:\/\/www.myecole.it\/ooc\/mates-fase-2\/","title":{"rendered":"Progetto MATES: in corso l\u2019indagine sulle competenze manageriali per la sostenibilit\u00e0"},"content":{"rendered":"\t\t<div data-elementor-type=\"wp-post\" data-elementor-id=\"12729\" class=\"elementor elementor-12729\" data-elementor-settings=\"[]\">\n\t\t\t\t\t\t<div class=\"elementor-inner\">\n\t\t\t\t\t\t\t<div class=\"elementor-section-wrap\">\n\t\t\t\t\t\t\t<section class=\"elementor-section elementor-top-section elementor-element elementor-element-2eafc818 elementor-section-content-middle elementor-reverse-mobile elementor-section-stretched animated-slow elementor-section-boxed elementor-section-height-default elementor-section-height-default elementor-invisible\" data-id=\"2eafc818\" data-element_type=\"section\" data-settings=\"{&quot;stretch_section&quot;:&quot;section-stretched&quot;,&quot;animation&quot;:&quot;fadeIn&quot;,&quot;animation_delay&quot;:200}\">\n\t\t\t\t\t\t<div class=\"elementor-container elementor-column-gap-default\">\n\t\t\t\t\t\t\t<div class=\"elementor-row\">\n\t\t\t\t\t<div class=\"elementor-column elementor-col-50 elementor-top-column elementor-element elementor-element-42e4841e\" data-id=\"42e4841e\" data-element_type=\"column\">\n\t\t\t<div class=\"elementor-column-wrap elementor-element-populated\">\n\t\t\t\t\t\t\t<div class=\"elementor-widget-wrap\">\n\t\t\t\t\t\t<div class=\"elementor-element elementor-element-39f1ab59 elementor-widget elementor-widget-text-editor\" data-id=\"39f1ab59\" data-element_type=\"widget\" data-widget_type=\"text-editor.default\">\n\t\t\t\t<div class=\"elementor-widget-container\">\n\t\t\t\t\t<div class=\"elementor-text-editor elementor-clearfix\"><p>In occasione del\u00a0<strong><a href=\"https:\/\/www.fondazioneecosistemi.org\/mates-i-primi-risultati-dellindagine-sulle-competenze-manageriali-per-la-sostenibilita\/www.forumcompraverde.it\" target=\"_blank\" rel=\"noopener noreferrer\">Forum Compraverde Buygreen 2020<\/a><\/strong>, sono stati presentati i\u00a0<strong>primi risultati dell\u2019indagine sulle competenze manageriali per la sostenibilit\u00e0, ricavati dall\u2019analisi di 314 Questionari<\/strong>\u00a0sottoposti a manager di piccole, medie e grandi imprese.\u00a0<\/p>\n<p>L\u2019indagine \u00e8 stata svolta nel quadro della prima fase del progetto\u00a0<a href=\"https:\/\/www.myecole.it\/ooc\/approfondimenti\/mates\/\" target=\"_blank\" rel=\"noopener noreferrer\"><strong>MATES \u2013 Manager per la Transizione Sostenibile\u00a0<\/strong><\/a>che intende fornire un quadro delle strutture organizzative aziendali e delle modalit\u00e0 con le quali si definiscono e si attuano, con le relative competenze e responsabilit\u00e0 delle figure incaricate, le politiche ambientali e per la sostenibilit\u00e0 nelle imprese.<\/p><\/div>\n\t\t\t\t<\/div>\n\t\t\t\t<\/div>\n\t\t\t\t<div class=\"elementor-element elementor-element-ee34cbe elementor-button-success elementor-align-center elementor-widget elementor-widget-button\" data-id=\"ee34cbe\" data-element_type=\"widget\" data-widget_type=\"button.default\">\n\t\t\t\t<div class=\"elementor-widget-container\">\n\t\t\t\t\t<div class=\"elementor-button-wrapper\">\n\t\t\t<a href=\"https:\/\/mcusercontent.com\/5808008ce1945917cc502cf1a\/files\/80f68856-af07-4d50-9bd7-67e6f8312b1d\/Presentazione_indagine_MATES_slide.pdf\" class=\"elementor-button-link elementor-button elementor-size-sm\" role=\"button\">\n\t\t\t\t\t\t<span class=\"elementor-button-content-wrapper\">\n\t\t\t\t\t\t<span class=\"elementor-button-text\">Scarica la presentazione dei risultati dell'indagine<\/span>\n\t\t<\/span>\n\t\t\t\t\t<\/a>\n\t\t<\/div>\n\t\t\t\t<\/div>\n\t\t\t\t<\/div>\n\t\t\t\t\t\t<\/div>\n\t\t\t\t\t<\/div>\n\t\t<\/div>\n\t\t\t\t<div class=\"elementor-column elementor-col-50 elementor-top-column elementor-element elementor-element-3d72e8ca\" data-id=\"3d72e8ca\" data-element_type=\"column\" data-settings=\"{&quot;background_background&quot;:&quot;classic&quot;}\">\n\t\t\t<div class=\"elementor-column-wrap elementor-element-populated\">\n\t\t\t\t\t\t\t<div class=\"elementor-widget-wrap\">\n\t\t\t\t\t\t<div class=\"elementor-element elementor-element-79df673d elementor-widget elementor-widget-image\" data-id=\"79df673d\" data-element_type=\"widget\" data-widget_type=\"image.default\">\n\t\t\t\t<div class=\"elementor-widget-container\">\n\t\t\t\t\t<div class=\"elementor-image\">\n\t\t\t\t\t\t\t\t\t\t<img loading=\"lazy\" decoding=\"async\" width=\"1000\" height=\"667\" src=\"https:\/\/www.myecole.it\/ooc\/wp-content\/uploads\/2020\/11\/Depositphotos_41682849_s-2019.jpg\" class=\"attachment-full size-full\" alt=\"\" srcset=\"https:\/\/www.myecole.it\/ooc\/wp-content\/uploads\/2020\/11\/Depositphotos_41682849_s-2019.jpg 1000w, https:\/\/www.myecole.it\/ooc\/wp-content\/uploads\/2020\/11\/Depositphotos_41682849_s-2019-300x200.jpg 300w, https:\/\/www.myecole.it\/ooc\/wp-content\/uploads\/2020\/11\/Depositphotos_41682849_s-2019-768x512.jpg 768w, https:\/\/www.myecole.it\/ooc\/wp-content\/uploads\/2020\/11\/Depositphotos_41682849_s-2019-345x230.jpg 345w, https:\/\/www.myecole.it\/ooc\/wp-content\/uploads\/2020\/11\/Depositphotos_41682849_s-2019-340x227.jpg 340w, https:\/\/www.myecole.it\/ooc\/wp-content\/uploads\/2020\/11\/Depositphotos_41682849_s-2019-278x185.jpg 278w\" sizes=\"(max-width: 1000px) 100vw, 1000px\" \/>\t\t\t\t\t\t\t\t\t\t\t<\/div>\n\t\t\t\t<\/div>\n\t\t\t\t<\/div>\n\t\t\t\t\t\t<\/div>\n\t\t\t\t\t<\/div>\n\t\t<\/div>\n\t\t\t\t\t\t\t\t<\/div>\n\t\t\t\t\t<\/div>\n\t\t<\/section>\n\t\t\t\t<section class=\"elementor-section elementor-top-section elementor-element elementor-element-c83d2c0 elementor-section-content-middle elementor-reverse-mobile elementor-section-stretched animated-slow elementor-section-boxed elementor-section-height-default elementor-section-height-default elementor-invisible\" data-id=\"c83d2c0\" data-element_type=\"section\" data-settings=\"{&quot;stretch_section&quot;:&quot;section-stretched&quot;,&quot;animation&quot;:&quot;fadeIn&quot;,&quot;animation_delay&quot;:200}\">\n\t\t\t\t\t\t<div class=\"elementor-container elementor-column-gap-default\">\n\t\t\t\t\t\t\t<div class=\"elementor-row\">\n\t\t\t\t\t<div class=\"elementor-column elementor-col-50 elementor-top-column elementor-element elementor-element-335b658\" data-id=\"335b658\" data-element_type=\"column\" data-settings=\"{&quot;background_background&quot;:&quot;classic&quot;}\">\n\t\t\t<div class=\"elementor-column-wrap elementor-element-populated\">\n\t\t\t\t\t\t\t<div class=\"elementor-widget-wrap\">\n\t\t\t\t\t\t<div class=\"elementor-element elementor-element-09c3e03 elementor-widget elementor-widget-image\" data-id=\"09c3e03\" data-element_type=\"widget\" data-widget_type=\"image.default\">\n\t\t\t\t<div class=\"elementor-widget-container\">\n\t\t\t\t\t<div class=\"elementor-image\">\n\t\t\t\t\t\t\t\t\t\t<img loading=\"lazy\" decoding=\"async\" width=\"1000\" height=\"667\" src=\"https:\/\/www.myecole.it\/ooc\/wp-content\/uploads\/2020\/10\/Depositphotos_179980422_s-2019.jpg\" class=\"attachment-full size-full\" alt=\"\" srcset=\"https:\/\/www.myecole.it\/ooc\/wp-content\/uploads\/2020\/10\/Depositphotos_179980422_s-2019.jpg 1000w, https:\/\/www.myecole.it\/ooc\/wp-content\/uploads\/2020\/10\/Depositphotos_179980422_s-2019-300x200.jpg 300w, https:\/\/www.myecole.it\/ooc\/wp-content\/uploads\/2020\/10\/Depositphotos_179980422_s-2019-768x512.jpg 768w, https:\/\/www.myecole.it\/ooc\/wp-content\/uploads\/2020\/10\/Depositphotos_179980422_s-2019-345x230.jpg 345w, https:\/\/www.myecole.it\/ooc\/wp-content\/uploads\/2020\/10\/Depositphotos_179980422_s-2019-340x227.jpg 340w, https:\/\/www.myecole.it\/ooc\/wp-content\/uploads\/2020\/10\/Depositphotos_179980422_s-2019-278x185.jpg 278w\" sizes=\"(max-width: 1000px) 100vw, 1000px\" \/>\t\t\t\t\t\t\t\t\t\t\t<\/div>\n\t\t\t\t<\/div>\n\t\t\t\t<\/div>\n\t\t\t\t\t\t<\/div>\n\t\t\t\t\t<\/div>\n\t\t<\/div>\n\t\t\t\t<div class=\"elementor-column elementor-col-50 elementor-top-column elementor-element elementor-element-d5bfd9c\" data-id=\"d5bfd9c\" data-element_type=\"column\">\n\t\t\t<div class=\"elementor-column-wrap elementor-element-populated\">\n\t\t\t\t\t\t\t<div class=\"elementor-widget-wrap\">\n\t\t\t\t\t\t<div class=\"elementor-element elementor-element-25a4bc7 elementor-widget elementor-widget-text-editor\" data-id=\"25a4bc7\" data-element_type=\"widget\" data-widget_type=\"text-editor.default\">\n\t\t\t\t<div class=\"elementor-widget-container\">\n\t\t\t\t\t<div class=\"elementor-text-editor elementor-clearfix\"><p>Nella <b>seconda fase<\/b>\u00a0<strong>MATES<\/strong>\u00a0intende verificare in che modo e con quali temi gli attori della formazione manageriale approfondiscono e integrano le competenze manageriali per la sostenibilit\u00e0 nei percorsi formativi.\u00a0<\/p>\n<p>Con l\u2019<strong>obiettivo di approfondire il tema delle competenze<\/strong>\u00a0e contribuire al meglio alla definizione di un\u2019offerta formativa coerente con i reali fabbisogni delle imprese, ti chiediamo di rispondere a\u00a0<strong>5 domande<\/strong>\u00a0contenute nel questionario di <a href=\"https:\/\/docs.google.com\/forms\/d\/e\/1FAIpQLSf1LtBl4E-8r2yp6Z5q0EqBLwjhD0Spbc4rNje0JNGUXWcdmQ\/viewform\">supplemento all&#8217;indagine<\/a>.<\/p><\/div>\n\t\t\t\t<\/div>\n\t\t\t\t<\/div>\n\t\t\t\t<div class=\"elementor-element elementor-element-c03f15b elementor-button-success elementor-align-center elementor-widget elementor-widget-button\" data-id=\"c03f15b\" data-element_type=\"widget\" data-widget_type=\"button.default\">\n\t\t\t\t<div class=\"elementor-widget-container\">\n\t\t\t\t\t<div class=\"elementor-button-wrapper\">\n\t\t\t<a href=\"https:\/\/mcusercontent.com\/5808008ce1945917cc502cf1a\/files\/80f68856-af07-4d50-9bd7-67e6f8312b1d\/Presentazione_indagine_MATES_slide.pdf\" class=\"elementor-button-link elementor-button elementor-size-sm\" role=\"button\">\n\t\t\t\t\t\t<span class=\"elementor-button-content-wrapper\">\n\t\t\t\t\t\t<span class=\"elementor-button-text\">Supplemento di indagine<\/span>\n\t\t<\/span>\n\t\t\t\t\t<\/a>\n\t\t<\/div>\n\t\t\t\t<\/div>\n\t\t\t\t<\/div>\n\t\t\t\t\t\t<\/div>\n\t\t\t\t\t<\/div>\n\t\t<\/div>\n\t\t\t\t\t\t\t\t<\/div>\n\t\t\t\t\t<\/div>\n\t\t<\/section>\n\t\t\t\t\t\t<\/div>\n\t\t\t\t\t\t<\/div>\n\t\t\t\t\t<\/div>\n\t\t","protected":false},"excerpt":{"rendered":"<p>In occasione del\u00a0Forum Compraverde Buygreen 2020, sono stati presentati i\u00a0primi risultati dell\u2019indagine sulle competenze manageriali per la sostenibilit\u00e0, ricavati dall\u2019analisi di 314 Questionari\u00a0sottoposti a manager di piccole, medie e grandi imprese. L\u2019indagine \u00e8 stata svolta nel quadro della prima fase del progetto\u00a0MATES \u2013 Manager per la Transizione Sostenibile\u00a0che intende fornire un quadro delle strutture organizzative.<\/p>\n","protected":false},"author":1,"featured_media":12731,"comment_status":"closed","ping_status":"closed","sticky":false,"template":"","format":"standard","meta":{"footnotes":""},"categories":[2],"tags":[93,108,90,81],"_links":{"self":[{"href":"https:\/\/www.myecole.it\/ooc\/wp-json\/wp\/v2\/posts\/12729"}],"collection":[{"href":"https:\/\/www.myecole.it\/ooc\/wp-json\/wp\/v2\/posts"}],"about":[{"href":"https:\/\/www.myecole.it\/ooc\/wp-json\/wp\/v2\/types\/post"}],"author":[{"embeddable":true,"href":"https:\/\/www.myecole.it\/ooc\/wp-json\/wp\/v2\/users\/1"}],"replies":[{"embeddable":true,"href":"https:\/\/www.myecole.it\/ooc\/wp-json\/wp\/v2\/comments?post=12729"}],"version-history":[{"count":0,"href":"https:\/\/www.myecole.it\/ooc\/wp-json\/wp\/v2\/posts\/12729\/revisions"}],"wp:featuredmedia":[{"embeddable":true,"href":"https:\/\/www.myecole.it\/ooc\/wp-json\/wp\/v2\/media\/12731"}],"wp:attachment":[{"href":"https:\/\/www.myecole.it\/ooc\/wp-json\/wp\/v2\/media?parent=12729"}],"wp:term":[{"taxonomy":"category","embeddable":true,"href":"https:\/\/www.myecole.it\/ooc\/wp-json\/wp\/v2\/categories?post=12729"},{"taxonomy":"post_tag","embeddable":true,"href":"https:\/\/www.myecole.it\/ooc\/wp-json\/wp\/v2\/tags?post=12729"}],"curies":[{"name":"wp","href":"https:\/\/api.w.org\/{rel}","templated":true}]}}